{"id":2109,"date":"2020-03-03T11:10:12","date_gmt":"2020-03-03T11:10:12","guid":{"rendered":"https:\/\/turismo.aytolalaguna.es\/?p=2109"},"modified":"2021-07-28T07:45:56","modified_gmt":"2021-07-28T07:45:56","slug":"santa-catalina-convent","status":"publish","type":"post","link":"https:\/\/turismo.aytolalaguna.es\/en\/santa-catalina-convent\/","title":{"rendered":"Santa Catalina Monastery"},"content":{"rendered":"[vc_row type=&#8221;full_width_content&#8221; full_screen_row_position=&#8221;middle&#8221; equal_height=&#8221;yes&#8221; scene_position=&#8221;center&#8221; text_color=&#8221;dark&#8221; text_align=&#8221;left&#8221; overlay_strength=&#8221;0.3&#8243; shape_divider_position=&#8221;bottom&#8221; bg_image_animation=&#8221;none&#8221; shape_type=&#8221;&#8221;][vc_column column_padding=&#8221;padding-2-percent&#8221; column_padding_position=&#8221;all&#8221; background_color_opacity=&#8221;1&#8243; background_hover_color_opacity=&#8221;1&#8243; column_link_target=&#8221;_self&#8221; column_shadow=&#8221;none&#8221; column_border_radius=&#8221;none&#8221; width=&#8221;1\/2&#8243; tablet_width_inherit=&#8221;default&#8221; tablet_text_alignment=&#8221;default&#8221; phone_text_alignment=&#8221;default&#8221; column_border_width=&#8221;none&#8221; column_border_style=&#8221;solid&#8221; bg_image_animation=&#8221;none&#8221;][vc_column_text]The first information about the monastery of Santa Catalina de Siena dates back to the first half of the 16th century. In 1524 the institution \u201cCabildo de Tenerife\u201d had the intention of founding a nun monastery in the plot that the Adelantado and the &#8220;Cabildo de Tenerife&#8221; had allotted to the Dominican monks.<\/p>\n<p>However, it was not until 1611 that the project was carried out thanks to the intervention of Juan de Cabrejas, alderman of the island of La Palma, and of his wife do\u00f1a Mar\u00eda de Salas. They bought the plot where the house of the Adelantados used to stand and gave it up in order to have an enclosed monastery built. In successive purchases all the constructions in the quarter were added to the property. On 23 April 1611 the monastery of Santa Catalina de Siena was inaugurated with the arrival of four Dominican nuns from Seville.<\/p>\n<p>The monastery, which was initially modest, reached its definitive structure in the 17th century. At this time, it was ranked among the major monasterys on the island because of the riches it owned.<\/p>\n<p>The building was not affected by the 19th century Confiscation thanks to the large number of enclosed nuns. It has always housed the same Order.<\/p>\n<p>It follows the rules of the monasteryual architecture of the time. Over the cityscape the barrel tiles of the roofs, the high walls with posterns in the cells and, particularly, the bell gable and the latticed enclosed balconies or ajimeces which are clearly in the Mudejar tradition stand out.[\/vc_column_text][\/vc_column][vc_column column_padding=&#8221;no-extra-padding&#8221; column_padding_position=&#8221;all&#8221; background_color_opacity=&#8221;1&#8243; background_hover_color_opacity=&#8221;1&#8243; column_link_target=&#8221;_self&#8221; column_shadow=&#8221;none&#8221; column_border_radius=&#8221;none&#8221; width=&#8221;1\/2&#8243; tablet_width_inherit=&#8221;default&#8221; tablet_text_alignment=&#8221;default&#8221; phone_text_alignment=&#8221;default&#8221; column_border_width=&#8221;none&#8221; column_border_style=&#8221;solid&#8221; bg_image_animation=&#8221;none&#8221;][vc_video link=&#8221;https:\/\/www.youtube.com\/watch?v=vhNYCRKQIKo&#8221; align=&#8221;center&#8221;][\/vc_column][\/vc_row][vc_row type=&#8221;full_width_background&#8221; full_screen_row_position=&#8221;middle&#8221; bg_color=&#8221;#b9202b&#8221; scene_position=&#8221;center&#8221; text_color=&#8221;light&#8221; text_align=&#8221;left&#8221; top_padding=&#8221;3%&#8221; bottom_padding=&#8221;3%&#8221; overlay_strength=&#8221;0.3&#8243; shape_divider_position=&#8221;bottom&#8221; bg_image_animation=&#8221;none&#8221; shape_type=&#8221;&#8221;][vc_column column_padding=&#8221;no-extra-padding&#8221; column_padding_position=&#8221;all&#8221; background_color_opacity=&#8221;1&#8243; background_hover_color_opacity=&#8221;1&#8243; column_link_target=&#8221;_self&#8221; column_shadow=&#8221;none&#8221; column_border_radius=&#8221;none&#8221; width=&#8221;1\/1&#8243; tablet_width_inherit=&#8221;default&#8221; tablet_text_alignment=&#8221;default&#8221; phone_text_alignment=&#8221;default&#8221; column_border_width=&#8221;none&#8221; column_border_style=&#8221;solid&#8221; bg_image_animation=&#8221;none&#8221;][vc_column_text]\n<p style=\"text-align: center;\">The church, which was built around the same time, has one single nave, marble floor from a more recent time and wooden ceiling after the Mudejar style. Noteworthy are the two doorways that are made of carved wood and framed by two masonry arches. In Santa Catalina de Siena Church rests the body of nun Sierva de Dios, Sor Mar\u00eda de Jes\u00fas Le\u00f3n y Delgado. Three years after she died, (on 15 February 1731) the ship captain Don Amaro Rodr\u00edguez Felipe (colloquially known as Amaro Pargo) asked for her corpse to be exhumed. Having been granted permission by the superiors of the Order of Saint Dominic, he wanted the nun to rest in a wooden coffin he had had made; this was quite unusual as nuns were usually buried in earth. Since then the body of Sor Mar\u00eda de Jes\u00fas rests in the sarcophagus given by the Captain. The remains of the Sierva are worshipped as a saint every 15 February, while her body has remained incorrupt throughout the years. At present, church authorities are involved in the process of her canonization.<\/p>\n[\/vc_column_text][\/vc_column][\/vc_row][vc_row type=&#8221;full_width_content&#8221; full_screen_row_position=&#8221;middle&#8221; equal_height=&#8221;yes&#8221; scene_position=&#8221;center&#8221; text_color=&#8221;dark&#8221; text_align=&#8221;left&#8221; overlay_strength=&#8221;0.3&#8243; shape_divider_position=&#8221;bottom&#8221; bg_image_animation=&#8221;none&#8221; shape_type=&#8221;&#8221;][vc_column column_padding=&#8221;no-extra-padding&#8221; column_padding_position=&#8221;all&#8221; background_color_opacity=&#8221;1&#8243; background_hover_color_opacity=&#8221;1&#8243; column_link_target=&#8221;_self&#8221; column_shadow=&#8221;none&#8221; column_border_radius=&#8221;none&#8221; width=&#8221;1\/2&#8243; tablet_width_inherit=&#8221;default&#8221; tablet_text_alignment=&#8221;default&#8221; phone_text_alignment=&#8221;default&#8221; column_border_width=&#8221;none&#8221; column_border_style=&#8221;solid&#8221; bg_image_animation=&#8221;none&#8221;][image_with_animation image_url=&#8221;469&#8243; alignment=&#8221;center&#8221; animation=&#8221;Fade In&#8221; border_radius=&#8221;none&#8221; box_shadow=&#8221;none&#8221; max_width=&#8221;100%&#8221;][\/vc_column][vc_column column_padding=&#8221;no-extra-padding&#8221; column_padding_position=&#8221;all&#8221; background_color_opacity=&#8221;1&#8243; background_hover_color_opacity=&#8221;1&#8243; column_link_target=&#8221;_self&#8221; column_shadow=&#8221;none&#8221; column_border_radius=&#8221;none&#8221; width=&#8221;1\/2&#8243; tablet_width_inherit=&#8221;default&#8221; tablet_text_alignment=&#8221;default&#8221; phone_text_alignment=&#8221;default&#8221; column_border_width=&#8221;none&#8221; column_border_style=&#8221;solid&#8221; bg_image_animation=&#8221;none&#8221;][vc_raw_html]JTNDaWZyYW1lJTIwc3JjJTNEJTIyaHR0cHMlM0ElMkYlMkZ3d3cuZ29vZ2xlLmNvbSUyRm1hcHMlMkZlbWJlZCUzRnBiJTNEJTIxMW0xOCUyMTFtMTIlMjExbTMlMjExZDM1MDYuNzI0MzkwNTQ3MzU1NiUyMTJkLTE2LjMxNjE0MjY4NDcxMDUxMyUyMTNkMjguNDg3ODQ1Njk3MzY0OTY4JTIxMm0zJTIxMWYwJTIxMmYwJTIxM2YwJTIxM20yJTIxMWkxMDI0JTIxMmk3NjglMjE0ZjEzLjElMjEzbTMlMjExbTIlMjExczB4YzQxY2RiODVmNmQxZWE3JTI1M0EweDYyOWUwMzdkYjZjNmJkZjUlMjEyc01vbmFzdGVyaW8lMkJkZSUyQlNhbnRhJTJCQ2F0YWxpbmElMkJkZSUyQlNpZW5hJTJCJTI4TU0uJTJCRG9taW5pY2FzJTI5JTIxNWUwJTIxM20yJTIxMXNlcyUyMTJzZXMlMjE0djE1NTEyMDA4NzI2ODIlMjIlMjB3aWR0aCUzRCUyMjEyMDAlMjIlMjBoZWlnaHQlM0QlMjI1MzUlMjIlMjBmcmFtZWJvcmRlciUzRCUyMjAlMjIlMjBzdHlsZSUzRCUyMmJvcmRlciUzQTAlMjIlMjBhbGxvd2Z1bGxzY3JlZW4lM0UlM0MlMkZpZnJhbWUlM0U=[\/vc_raw_html][\/vc_column][\/vc_row]\n","protected":false},"excerpt":{"rendered":"<p>[vc_row type=&#8221;full_width_content&#8221; full_screen_row_position=&#8221;middle&#8221; equal_height=&#8221;yes&#8221; scene_position=&#8221;center&#8221; text_color=&#8221;dark&#8221; text_align=&#8221;left&#8221; overlay_strength=&#8221;0.3&#8243; shape_divider_position=&#8221;bottom&#8221; bg_image_animation=&#8221;none&#8221; shape_type=&#8221;&#8221;][vc_column column_padding=&#8221;padding-2-percent&#8221; column_padding_position=&#8221;all&#8221; background_color_opacity=&#8221;1&#8243; background_hover_color_opacity=&#8221;1&#8243; column_link_target=&#8221;_self&#8221; column_shadow=&#8221;none&#8221; column_border_radius=&#8221;none&#8221; width=&#8221;1\/2&#8243; tablet_width_inherit=&#8221;default&#8221; tablet_text_alignment=&#8221;default&#8221; phone_text_alignment=&#8221;default&#8221; column_border_width=&#8221;none&#8221; column_border_style=&#8221;solid&#8221; bg_image_animation=&#8221;none&#8221;][vc_column_text]The first information about the monastery&#8230;<\/p>\n","protected":false},"author":1,"featured_media":2117,"comment_status":"closed","ping_status":"closed","sticky":false,"template":"","format":"standard","meta":{"footnotes":""},"categories":[52],"tags":[],"class_list":["post-2109","post","type-post","status-publish","format-standard","has-post-thumbnail","category-gci"],"yoast_head":"<!-- This site is optimized with the Yoast SEO plugin v27.5 - https:\/\/yoast.com\/product\/yoast-seo-wordpress\/ -->\n<title>Santa Catalina Monastery - Turismo de La Laguna<\/title>\n<meta name=\"description\" content=\"Descubre San Crist\u00f3bal de La Laguna, ciudad Patrimonio de la Humanidad en Tenerife. Explora su historia, arquitectura colonial, cultura y gastronom\u00eda local.\" \/>\n<meta name=\"robots\" content=\"index, follow, max-snippet:-1, max-image-preview:large, max-video-preview:-1\" \/>\n<link rel=\"canonical\" href=\"https:\/\/turismo.aytolalaguna.es\/santa-catalina-convent\/\" \/>\n<meta property=\"og:locale\" content=\"en_US\" \/>\n<meta property=\"og:type\" content=\"article\" \/>\n<meta property=\"og:title\" content=\"Santa Catalina Monastery - Turismo de La Laguna\" \/>\n<meta property=\"og:description\" content=\"Descubre San Crist\u00f3bal de La Laguna, ciudad Patrimonio de la Humanidad en Tenerife. Explora su historia, arquitectura colonial, cultura y gastronom\u00eda local.\" \/>\n<meta property=\"og:url\" content=\"https:\/\/turismo.aytolalaguna.es\/santa-catalina-convent\/\" \/>\n<meta property=\"og:site_name\" content=\"Turismo de La Laguna\" \/>\n<meta property=\"article:publisher\" content=\"https:\/\/www.facebook.com\/turismodelalaguna\/\" \/>\n<meta property=\"article:published_time\" content=\"2020-03-03T11:10:12+00:00\" \/>\n<meta property=\"article:modified_time\" content=\"2021-07-28T07:45:56+00:00\" \/>\n<meta property=\"og:image\" content=\"https:\/\/turismo.aytolalaguna.es\/wp-content\/uploads\/2019\/02\/Convento-de-Santa-Catalina-de-Siena.jpg\" \/>\n\t<meta property=\"og:image:width\" content=\"1280\" \/>\n\t<meta property=\"og:image:height\" content=\"720\" \/>\n\t<meta property=\"og:image:type\" content=\"image\/jpeg\" \/>\n<meta name=\"author\" content=\"turismonew\" \/>\n<meta name=\"twitter:card\" content=\"summary_large_image\" \/>\n<meta name=\"twitter:creator\" content=\"@turismo_ll\" \/>\n<meta name=\"twitter:site\" content=\"@turismo_ll\" \/>\n<meta name=\"twitter:label1\" content=\"Written by\" \/>\n\t<meta name=\"twitter:data1\" content=\"turismonew\" \/>\n\t<meta name=\"twitter:label2\" content=\"Est. reading time\" \/>\n\t<meta name=\"twitter:data2\" content=\"5 minutes\" \/>\n<script type=\"application\/ld+json\" class=\"yoast-schema-graph\">{\"@context\":\"https:\\\/\\\/schema.org\",\"@graph\":[{\"@type\":\"Article\",\"@id\":\"https:\\\/\\\/turismo.aytolalaguna.es\\\/santa-catalina-convent\\\/#article\",\"isPartOf\":{\"@id\":\"https:\\\/\\\/turismo.aytolalaguna.es\\\/santa-catalina-convent\\\/\"},\"author\":{\"name\":\"turismonew\",\"@id\":\"https:\\\/\\\/turismo.aytolalaguna.es\\\/#\\\/schema\\\/person\\\/bde9167993ed7abe91a2dc48fd8f55ed\"},\"headline\":\"Santa Catalina Monastery\",\"datePublished\":\"2020-03-03T11:10:12+00:00\",\"dateModified\":\"2021-07-28T07:45:56+00:00\",\"mainEntityOfPage\":{\"@id\":\"https:\\\/\\\/turismo.aytolalaguna.es\\\/santa-catalina-convent\\\/\"},\"wordCount\":938,\"publisher\":{\"@id\":\"https:\\\/\\\/turismo.aytolalaguna.es\\\/#organization\"},\"image\":{\"@id\":\"https:\\\/\\\/turismo.aytolalaguna.es\\\/santa-catalina-convent\\\/#primaryimage\"},\"thumbnailUrl\":\"https:\\\/\\\/turismo.aytolalaguna.es\\\/wp-content\\\/uploads\\\/2019\\\/02\\\/Convento-de-Santa-Catalina-de-Siena.jpg\",\"articleSection\":[\"GCI\"],\"inLanguage\":\"en-US\"},{\"@type\":\"WebPage\",\"@id\":\"https:\\\/\\\/turismo.aytolalaguna.es\\\/santa-catalina-convent\\\/\",\"url\":\"https:\\\/\\\/turismo.aytolalaguna.es\\\/santa-catalina-convent\\\/\",\"name\":\"Santa Catalina Monastery - Turismo de La Laguna\",\"isPartOf\":{\"@id\":\"https:\\\/\\\/turismo.aytolalaguna.es\\\/#website\"},\"primaryImageOfPage\":{\"@id\":\"https:\\\/\\\/turismo.aytolalaguna.es\\\/santa-catalina-convent\\\/#primaryimage\"},\"image\":{\"@id\":\"https:\\\/\\\/turismo.aytolalaguna.es\\\/santa-catalina-convent\\\/#primaryimage\"},\"thumbnailUrl\":\"https:\\\/\\\/turismo.aytolalaguna.es\\\/wp-content\\\/uploads\\\/2019\\\/02\\\/Convento-de-Santa-Catalina-de-Siena.jpg\",\"datePublished\":\"2020-03-03T11:10:12+00:00\",\"dateModified\":\"2021-07-28T07:45:56+00:00\",\"description\":\"Descubre San Crist\u00f3bal de La Laguna, ciudad Patrimonio de la Humanidad en Tenerife. Explora su historia, arquitectura colonial, cultura y gastronom\u00eda local.\",\"breadcrumb\":{\"@id\":\"https:\\\/\\\/turismo.aytolalaguna.es\\\/santa-catalina-convent\\\/#breadcrumb\"},\"inLanguage\":\"en-US\",\"potentialAction\":[{\"@type\":\"ReadAction\",\"target\":[\"https:\\\/\\\/turismo.aytolalaguna.es\\\/santa-catalina-convent\\\/\"]}]},{\"@type\":\"ImageObject\",\"inLanguage\":\"en-US\",\"@id\":\"https:\\\/\\\/turismo.aytolalaguna.es\\\/santa-catalina-convent\\\/#primaryimage\",\"url\":\"https:\\\/\\\/turismo.aytolalaguna.es\\\/wp-content\\\/uploads\\\/2019\\\/02\\\/Convento-de-Santa-Catalina-de-Siena.jpg\",\"contentUrl\":\"https:\\\/\\\/turismo.aytolalaguna.es\\\/wp-content\\\/uploads\\\/2019\\\/02\\\/Convento-de-Santa-Catalina-de-Siena.jpg\",\"width\":1280,\"height\":720},{\"@type\":\"BreadcrumbList\",\"@id\":\"https:\\\/\\\/turismo.aytolalaguna.es\\\/santa-catalina-convent\\\/#breadcrumb\",\"itemListElement\":[{\"@type\":\"ListItem\",\"position\":1,\"name\":\"Portada\",\"item\":\"https:\\\/\\\/turismo.aytolalaguna.es\\\/en\\\/\"},{\"@type\":\"ListItem\",\"position\":2,\"name\":\"Santa Catalina Monastery\"}]},{\"@type\":\"WebSite\",\"@id\":\"https:\\\/\\\/turismo.aytolalaguna.es\\\/#website\",\"url\":\"https:\\\/\\\/turismo.aytolalaguna.es\\\/\",\"name\":\"Turismo de La Laguna\",\"description\":\"Vive nuestra ciudad\",\"publisher\":{\"@id\":\"https:\\\/\\\/turismo.aytolalaguna.es\\\/#organization\"},\"potentialAction\":[{\"@type\":\"SearchAction\",\"target\":{\"@type\":\"EntryPoint\",\"urlTemplate\":\"https:\\\/\\\/turismo.aytolalaguna.es\\\/?s={search_term_string}\"},\"query-input\":{\"@type\":\"PropertyValueSpecification\",\"valueRequired\":true,\"valueName\":\"search_term_string\"}}],\"inLanguage\":\"en-US\"},{\"@type\":\"Organization\",\"@id\":\"https:\\\/\\\/turismo.aytolalaguna.es\\\/#organization\",\"name\":\"Turismo de La Laguna\",\"url\":\"https:\\\/\\\/turismo.aytolalaguna.es\\\/\",\"logo\":{\"@type\":\"ImageObject\",\"inLanguage\":\"en-US\",\"@id\":\"https:\\\/\\\/turismo.aytolalaguna.es\\\/#\\\/schema\\\/logo\\\/image\\\/\",\"url\":\"https:\\\/\\\/turismo.aytolalaguna.es\\\/wp-content\\\/uploads\\\/2019\\\/11\\\/logo-completo-cabecera.png\",\"contentUrl\":\"https:\\\/\\\/turismo.aytolalaguna.es\\\/wp-content\\\/uploads\\\/2019\\\/11\\\/logo-completo-cabecera.png\",\"width\":845,\"height\":112,\"caption\":\"Turismo de La Laguna\"},\"image\":{\"@id\":\"https:\\\/\\\/turismo.aytolalaguna.es\\\/#\\\/schema\\\/logo\\\/image\\\/\"},\"sameAs\":[\"https:\\\/\\\/www.facebook.com\\\/turismodelalaguna\\\/\",\"https:\\\/\\\/x.com\\\/turismo_ll\",\"https:\\\/\\\/www.instagram.com\\\/turismolalaguna\\\/\",\"https:\\\/\\\/www.youtube.com\\\/channel\\\/UCBNvYLN2ltSrC264qg4ihhQ\",\"https:\\\/\\\/vimeo.com\\\/user43423131\"]},{\"@type\":\"Person\",\"@id\":\"https:\\\/\\\/turismo.aytolalaguna.es\\\/#\\\/schema\\\/person\\\/bde9167993ed7abe91a2dc48fd8f55ed\",\"name\":\"turismonew\",\"image\":{\"@type\":\"ImageObject\",\"inLanguage\":\"en-US\",\"@id\":\"https:\\\/\\\/secure.gravatar.com\\\/avatar\\\/ec57d8b7a8a6b4062a84cdf11ed5065f4ab1abfba434e4c6f44340d2241a99dd?s=96&d=mm&r=g\",\"url\":\"https:\\\/\\\/secure.gravatar.com\\\/avatar\\\/ec57d8b7a8a6b4062a84cdf11ed5065f4ab1abfba434e4c6f44340d2241a99dd?s=96&d=mm&r=g\",\"contentUrl\":\"https:\\\/\\\/secure.gravatar.com\\\/avatar\\\/ec57d8b7a8a6b4062a84cdf11ed5065f4ab1abfba434e4c6f44340d2241a99dd?s=96&d=mm&r=g\",\"caption\":\"turismonew\"},\"url\":\"https:\\\/\\\/turismo.aytolalaguna.es\\\/en\\\/author\\\/turismonew\\\/\"}]}<\/script>\n<!-- \/ Yoast SEO plugin. -->","yoast_head_json":{"title":"Santa Catalina Monastery - Turismo de La Laguna","description":"Descubre San Crist\u00f3bal de La Laguna, ciudad Patrimonio de la Humanidad en Tenerife. Explora su historia, arquitectura colonial, cultura y gastronom\u00eda local.","robots":{"index":"index","follow":"follow","max-snippet":"max-snippet:-1","max-image-preview":"max-image-preview:large","max-video-preview":"max-video-preview:-1"},"canonical":"https:\/\/turismo.aytolalaguna.es\/santa-catalina-convent\/","og_locale":"en_US","og_type":"article","og_title":"Santa Catalina Monastery - Turismo de La Laguna","og_description":"Descubre San Crist\u00f3bal de La Laguna, ciudad Patrimonio de la Humanidad en Tenerife. Explora su historia, arquitectura colonial, cultura y gastronom\u00eda local.","og_url":"https:\/\/turismo.aytolalaguna.es\/santa-catalina-convent\/","og_site_name":"Turismo de La Laguna","article_publisher":"https:\/\/www.facebook.com\/turismodelalaguna\/","article_published_time":"2020-03-03T11:10:12+00:00","article_modified_time":"2021-07-28T07:45:56+00:00","og_image":[{"width":1280,"height":720,"url":"https:\/\/turismo.aytolalaguna.es\/wp-content\/uploads\/2019\/02\/Convento-de-Santa-Catalina-de-Siena.jpg","type":"image\/jpeg"}],"author":"turismonew","twitter_card":"summary_large_image","twitter_creator":"@turismo_ll","twitter_site":"@turismo_ll","twitter_misc":{"Written by":"turismonew","Est. reading time":"5 minutes"},"schema":{"@context":"https:\/\/schema.org","@graph":[{"@type":"Article","@id":"https:\/\/turismo.aytolalaguna.es\/santa-catalina-convent\/#article","isPartOf":{"@id":"https:\/\/turismo.aytolalaguna.es\/santa-catalina-convent\/"},"author":{"name":"turismonew","@id":"https:\/\/turismo.aytolalaguna.es\/#\/schema\/person\/bde9167993ed7abe91a2dc48fd8f55ed"},"headline":"Santa Catalina Monastery","datePublished":"2020-03-03T11:10:12+00:00","dateModified":"2021-07-28T07:45:56+00:00","mainEntityOfPage":{"@id":"https:\/\/turismo.aytolalaguna.es\/santa-catalina-convent\/"},"wordCount":938,"publisher":{"@id":"https:\/\/turismo.aytolalaguna.es\/#organization"},"image":{"@id":"https:\/\/turismo.aytolalaguna.es\/santa-catalina-convent\/#primaryimage"},"thumbnailUrl":"https:\/\/turismo.aytolalaguna.es\/wp-content\/uploads\/2019\/02\/Convento-de-Santa-Catalina-de-Siena.jpg","articleSection":["GCI"],"inLanguage":"en-US"},{"@type":"WebPage","@id":"https:\/\/turismo.aytolalaguna.es\/santa-catalina-convent\/","url":"https:\/\/turismo.aytolalaguna.es\/santa-catalina-convent\/","name":"Santa Catalina Monastery - Turismo de La Laguna","isPartOf":{"@id":"https:\/\/turismo.aytolalaguna.es\/#website"},"primaryImageOfPage":{"@id":"https:\/\/turismo.aytolalaguna.es\/santa-catalina-convent\/#primaryimage"},"image":{"@id":"https:\/\/turismo.aytolalaguna.es\/santa-catalina-convent\/#primaryimage"},"thumbnailUrl":"https:\/\/turismo.aytolalaguna.es\/wp-content\/uploads\/2019\/02\/Convento-de-Santa-Catalina-de-Siena.jpg","datePublished":"2020-03-03T11:10:12+00:00","dateModified":"2021-07-28T07:45:56+00:00","description":"Descubre San Crist\u00f3bal de La Laguna, ciudad Patrimonio de la Humanidad en Tenerife. Explora su historia, arquitectura colonial, cultura y gastronom\u00eda local.","breadcrumb":{"@id":"https:\/\/turismo.aytolalaguna.es\/santa-catalina-convent\/#breadcrumb"},"inLanguage":"en-US","potentialAction":[{"@type":"ReadAction","target":["https:\/\/turismo.aytolalaguna.es\/santa-catalina-convent\/"]}]},{"@type":"ImageObject","inLanguage":"en-US","@id":"https:\/\/turismo.aytolalaguna.es\/santa-catalina-convent\/#primaryimage","url":"https:\/\/turismo.aytolalaguna.es\/wp-content\/uploads\/2019\/02\/Convento-de-Santa-Catalina-de-Siena.jpg","contentUrl":"https:\/\/turismo.aytolalaguna.es\/wp-content\/uploads\/2019\/02\/Convento-de-Santa-Catalina-de-Siena.jpg","width":1280,"height":720},{"@type":"BreadcrumbList","@id":"https:\/\/turismo.aytolalaguna.es\/santa-catalina-convent\/#breadcrumb","itemListElement":[{"@type":"ListItem","position":1,"name":"Portada","item":"https:\/\/turismo.aytolalaguna.es\/en\/"},{"@type":"ListItem","position":2,"name":"Santa Catalina Monastery"}]},{"@type":"WebSite","@id":"https:\/\/turismo.aytolalaguna.es\/#website","url":"https:\/\/turismo.aytolalaguna.es\/","name":"Turismo de La Laguna","description":"Vive nuestra ciudad","publisher":{"@id":"https:\/\/turismo.aytolalaguna.es\/#organization"},"potentialAction":[{"@type":"SearchAction","target":{"@type":"EntryPoint","urlTemplate":"https:\/\/turismo.aytolalaguna.es\/?s={search_term_string}"},"query-input":{"@type":"PropertyValueSpecification","valueRequired":true,"valueName":"search_term_string"}}],"inLanguage":"en-US"},{"@type":"Organization","@id":"https:\/\/turismo.aytolalaguna.es\/#organization","name":"Turismo de La Laguna","url":"https:\/\/turismo.aytolalaguna.es\/","logo":{"@type":"ImageObject","inLanguage":"en-US","@id":"https:\/\/turismo.aytolalaguna.es\/#\/schema\/logo\/image\/","url":"https:\/\/turismo.aytolalaguna.es\/wp-content\/uploads\/2019\/11\/logo-completo-cabecera.png","contentUrl":"https:\/\/turismo.aytolalaguna.es\/wp-content\/uploads\/2019\/11\/logo-completo-cabecera.png","width":845,"height":112,"caption":"Turismo de La Laguna"},"image":{"@id":"https:\/\/turismo.aytolalaguna.es\/#\/schema\/logo\/image\/"},"sameAs":["https:\/\/www.facebook.com\/turismodelalaguna\/","https:\/\/x.com\/turismo_ll","https:\/\/www.instagram.com\/turismolalaguna\/","https:\/\/www.youtube.com\/channel\/UCBNvYLN2ltSrC264qg4ihhQ","https:\/\/vimeo.com\/user43423131"]},{"@type":"Person","@id":"https:\/\/turismo.aytolalaguna.es\/#\/schema\/person\/bde9167993ed7abe91a2dc48fd8f55ed","name":"turismonew","image":{"@type":"ImageObject","inLanguage":"en-US","@id":"https:\/\/secure.gravatar.com\/avatar\/ec57d8b7a8a6b4062a84cdf11ed5065f4ab1abfba434e4c6f44340d2241a99dd?s=96&d=mm&r=g","url":"https:\/\/secure.gravatar.com\/avatar\/ec57d8b7a8a6b4062a84cdf11ed5065f4ab1abfba434e4c6f44340d2241a99dd?s=96&d=mm&r=g","contentUrl":"https:\/\/secure.gravatar.com\/avatar\/ec57d8b7a8a6b4062a84cdf11ed5065f4ab1abfba434e4c6f44340d2241a99dd?s=96&d=mm&r=g","caption":"turismonew"},"url":"https:\/\/turismo.aytolalaguna.es\/en\/author\/turismonew\/"}]}},"_links":{"self":[{"href":"https:\/\/turismo.aytolalaguna.es\/en\/wp-json\/wp\/v2\/posts\/2109","targetHints":{"allow":["GET"]}}],"collection":[{"href":"https:\/\/turismo.aytolalaguna.es\/en\/wp-json\/wp\/v2\/posts"}],"about":[{"href":"https:\/\/turismo.aytolalaguna.es\/en\/wp-json\/wp\/v2\/types\/post"}],"author":[{"embeddable":true,"href":"https:\/\/turismo.aytolalaguna.es\/en\/wp-json\/wp\/v2\/users\/1"}],"replies":[{"embeddable":true,"href":"https:\/\/turismo.aytolalaguna.es\/en\/wp-json\/wp\/v2\/comments?post=2109"}],"version-history":[{"count":6,"href":"https:\/\/turismo.aytolalaguna.es\/en\/wp-json\/wp\/v2\/posts\/2109\/revisions"}],"predecessor-version":[{"id":4350,"href":"https:\/\/turismo.aytolalaguna.es\/en\/wp-json\/wp\/v2\/posts\/2109\/revisions\/4350"}],"wp:featuredmedia":[{"embeddable":true,"href":"https:\/\/turismo.aytolalaguna.es\/en\/wp-json\/wp\/v2\/media\/2117"}],"wp:attachment":[{"href":"https:\/\/turismo.aytolalaguna.es\/en\/wp-json\/wp\/v2\/media?parent=2109"}],"wp:term":[{"taxonomy":"category","embeddable":true,"href":"https:\/\/turismo.aytolalaguna.es\/en\/wp-json\/wp\/v2\/categories?post=2109"},{"taxonomy":"post_tag","embeddable":true,"href":"https:\/\/turismo.aytolalaguna.es\/en\/wp-json\/wp\/v2\/tags?post=2109"}],"curies":[{"name":"wp","href":"https:\/\/api.w.org\/{rel}","templated":true}]}}